{"id":7435,"date":"2026-03-03T17:50:55","date_gmt":"2026-03-03T17:50:55","guid":{"rendered":"https:\/\/marblancsolar.com\/marblanc-solar-se-expande-oficialmente-a-la-costa-blanca-con-su-primera-instalacion-terminada\/"},"modified":"2026-05-19T14:47:10","modified_gmt":"2026-05-19T14:47:10","slug":"marblanc-solar-se-amplia-a-costa-blanca-con-la-primera-instalacion","status":"publish","type":"post","link":"https:\/\/marblancsolar.com\/es\/marblanc-solar-se-amplia-a-costa-blanca-con-la-primera-instalacion\/","title":{"rendered":"Marblanc Solar se expande a la Costa Blanca"},"content":{"rendered":"\n<p><strong>Javea, Espa\u00f1a \u2013 Marzo de 2026<\/strong><\/p>\n\n<p><strong><a href=\"https:\/\/marblancsolar.com\/es\" title=\"Inicio\">Marblanc<\/a> Solar se enorgullece de anunciar su expansi\u00f3n oficial en la Costa Blanca, marcando el hito con la finalizaci\u00f3n de nuestra primera instalaci\u00f3n regional el 19 de febrero cerca de Valencia.<\/strong><\/p>\n\n<p>Tras convertirnos r\u00e1pidamente en el proveedor de energ\u00eda solar m\u00e1s valorado de la Costa del Sol, con m\u00e1s de 100 valoraciones de cinco estrellas, estamos llevando nuestra experiencia y nuestro caracter\u00edstico <a href=\"https:\/\/marblancsolar.com\/es\/pedir-presupuesto\/\" title=\"Estudio solar gratuito\">Estudio Solar Gratuito <\/a>a los propietarios de viviendas de las provincias de Alicante y Valencia.<\/p>\n\n<p>Para apoyar esta expansi\u00f3n, Marblanc Solar ha abierto una segunda <a href=\"https:\/\/marblancsolar.com\/offices\/javea\/\" title=\"Javea\">oficina especializada en J\u00e1vea<\/a>, garantizando que nuestro equipo est\u00e9 sobre el terreno para ofrecer el mismo servicio local de alto nivel que forj\u00f3 nuestra reputaci\u00f3n en <a href=\"https:\/\/marblancsolar.com\/es\/oficina\/marbella\/\" title=\"Marbella\">Marbella<\/a>.<\/p>\n\n<h3 class=\"wp-block-heading\">Ahora en la Costa del Sol y la Costa Blanca de Espa\u00f1a<\/h3>\n\n<p>Nuestra expansi\u00f3n significa que el equipo de expertos de Marblanc Solar y el servicio postventa de primera calidad est\u00e1n ahora disponibles en:<\/p>\n\n<ul class=\"wp-block-list\">\n<li><strong>Provincia de Alicante<\/strong> (Costa Blanca)<\/li>\n\n\n\n<li><strong>Provincia de Valencia<\/strong><\/li>\n\n\n\n<li><strong>Regi\u00f3n del Mar Menor<\/strong> (Murcia)<\/li>\n\n\n\n<li><strong>Provincia de M\u00e1laga<\/strong><a href=\"https:\/\/marblancsolar.com\/es\/instalaciones-fotovoltaicas\/malaga\/\" title=\"M&#xE1;laga\">(Costa del Sol<\/a>)<\/li>\n\n\n\n<li><strong>Campo de Gibraltar<\/strong> (inc. <a href=\"https:\/\/marblancsolar.com\/es\/instalaciones-fotovoltaicas\/sotogrande\/\" title=\"Sotogrande\">Sotogrande<\/a>)<\/li>\n\n\n\n<li><strong>Costa Granadina<\/strong> (Granada)<\/li>\n<\/ul>\n\n<h3 class=\"wp-block-heading\">La diferencia Marblanc: La educaci\u00f3n ante todo<\/h3>\n\n<p>Desde nuestro lanzamiento en 2022, nos hemos centrado en un enfoque educativo \u00absin presiones\u00bb. Tanto si est\u00e1s en Marbella como en Denia, cada posible cliente recibe un<a href=\"https:\/\/marblancsolar.com\/es\/pedir-presupuesto\/\" title=\"Estudio solar gratuito\"> Estudio Solar Gratuito<\/a>. <\/p>\n\n<p>Se trata de una consulta exhaustiva y sin compromiso que incluye:<\/p>\n\n<ul class=\"wp-block-list\">\n<li>Una visita profesional a domicilio e <strong>inspecci\u00f3n de tejados con drones<\/strong>.<\/li>\n\n\n\n<li>Un <strong>modelo de rendimiento 3D<\/strong> personalizado de tu propiedad.<\/li>\n\n\n\n<li>Dos propuestas a medida con <strong>desgloses<\/strong> detallados <strong>de costes y ahorros<\/strong>.<\/li>\n<\/ul>\n\n<p>\u00abNuestro objetivo es asegurarnos de que los propietarios de viviendas comprenden la amortizaci\u00f3n econ\u00f3mica y los beneficios medioambientales antes de comprometerse\u00bb, dijo Roman Mitchell. \u00abAl abrir nuestra nueva oficina en X\u00e0bia, podemos garantizar que todos los clientes de la Costa Blanca reciban el apoyo pr\u00e1ctico y el seguimiento a largo plazo que merecen\u00bb. <\/p>\n\n<p>Roman tuvo el placer de a\u00f1adir que la emisora local <a href=\"https:\/\/www.bayradio.fm\/2026\/02\/25\/marblanc-solar-completes-first-solar-installation-on-spains-costa-blanca\/\" target=\"_blank\" rel=\"noopener\" title=\"\">Bay Radio cubri\u00f3 nuestra primera instalaci\u00f3n<\/a> en la regi\u00f3n.<\/p>\n\n<h3 class=\"wp-block-heading\">Visita nuestra nueva sede en la Costa Blanca<\/h3>\n\n<p>Adem\u00e1s de nuestra sede central en Marbella, ahora puedes encontrarnos en nuestro nuevo centro regional:<\/p>\n\n<p>Marblanc Solar \u2013 Costa Blanca  <\/p>\n\n<p><a href=\"https:\/\/maps.app.goo.gl\/maYipb5EADK19EC76\" target=\"_blank\" rel=\"noopener\" title=\"\">Avinguda Augusta, 30, 03730 X\u00e0bia, Alicante<\/a><\/p>\n\n<p><strong>\u00bfEst\u00e1s listo para ver lo que la energ\u00eda solar puede hacer por tu casa?<\/strong> Haz clic aqu\u00ed para <strong>reservar tu <a href=\"https:\/\/marblancsolar.com\/es\/pedir-presupuesto\/\" title=\"Estudio solar gratuito\">Estudio Solar Gratuito<\/a><\/strong> y descubrir cu\u00e1nto podr\u00edas ahorrar en tus facturas de electricidad este a\u00f1o.<\/p>\n","protected":false},"excerpt":{"rendered":"<p>\u00a1Marblanc Solar ha llegado oficialmente a la Costa Blanca! Tras nuestra primera instalaci\u00f3n cerca de Valencia, nuestra nueva oficina de X\u00e0bia ya est\u00e1 abierta, ofreciendo soluciones solares de cinco estrellas en toda la regi\u00f3n. <\/p>\n","protected":false},"author":15,"featured_media":7436,"comment_status":"closed","ping_status":"closed","sticky":false,"template":"","format":"standard","meta":{"_acf_changed":false,"footnotes":""},"categories":[93],"tags":[],"class_list":["post-7435","post","type-post","status-publish","format-standard","has-post-thumbnail","hentry","category-noticias-de-marblanc","no-featured-image-padding"],"acf":[],"aioseo_notices":[],"aioseo_head":"\n\t\t<!-- All in One SEO Pro 5.0.1.1 - aioseo.com -->\n\t<meta name=\"description\" content=\"\u00a1Marblanc Solar ha llegado oficialmente a la Costa Blanca! Tras nuestra primera instalaci\u00f3n cerca de Valencia, nuestra nueva oficina de X\u00e0bia ya est\u00e1 abierta, ofreciendo soluciones solares de cinco estrellas en toda la regi\u00f3n.\" \/>\n\t<meta name=\"robots\" content=\"max-image-preview:large\" \/>\n\t<meta name=\"author\" content=\"Marblanc Solar\"\/>\n\t<link rel=\"canonical\" href=\"https:\/\/marblancsolar.com\/es\/marblanc-solar-se-amplia-a-costa-blanca-con-la-primera-instalacion\/\" \/>\n\t<meta name=\"generator\" content=\"All in One SEO Pro (AIOSEO) 5.0.1.1\" \/>\n\t\t<meta property=\"og:locale\" content=\"es_ES\" \/>\n\t\t<meta property=\"og:site_name\" content=\"Marblanc Solar | #1 solar panel installer in Marbella\" \/>\n\t\t<meta property=\"og:type\" content=\"article\" \/>\n\t\t<meta property=\"og:title\" content=\"Marblanc Solar se expande a la Costa Blanca | Marblanc Solar\" \/>\n\t\t<meta property=\"og:description\" content=\"\u00a1Marblanc Solar ha llegado oficialmente a la Costa Blanca! Tras nuestra primera instalaci\u00f3n cerca de Valencia, nuestra nueva oficina de X\u00e0bia ya est\u00e1 abierta, ofreciendo soluciones solares de cinco estrellas en toda la regi\u00f3n.\" \/>\n\t\t<meta property=\"og:url\" content=\"https:\/\/marblancsolar.com\/es\/marblanc-solar-se-amplia-a-costa-blanca-con-la-primera-instalacion\/\" \/>\n\t\t<meta property=\"og:image\" content=\"https:\/\/marblancsolar.com\/wp-content\/uploads\/2026\/03\/marblanc-solar-first-installation-costa-blanca-valencia-1.jpeg?wsr\" \/>\n\t\t<meta property=\"og:image:secure_url\" content=\"https:\/\/marblancsolar.com\/wp-content\/uploads\/2026\/03\/marblanc-solar-first-installation-costa-blanca-valencia-1.jpeg?wsr\" \/>\n\t\t<meta property=\"og:image:width\" content=\"1318\" \/>\n\t\t<meta property=\"og:image:height\" content=\"1006\" \/>\n\t\t<meta property=\"article:published_time\" content=\"2026-03-03T17:50:55+00:00\" \/>\n\t\t<meta property=\"article:modified_time\" content=\"2026-05-19T14:47:10+00:00\" \/>\n\t\t<meta property=\"article:publisher\" content=\"https:\/\/www.facebook.com\/profile.php?id=100093673091068\" \/>\n\t\t<meta name=\"twitter:card\" content=\"summary_large_image\" \/>\n\t\t<meta name=\"twitter:title\" content=\"Marblanc Solar se expande a la Costa Blanca | Marblanc Solar\" \/>\n\t\t<meta name=\"twitter:description\" content=\"\u00a1Marblanc Solar ha llegado oficialmente a la Costa Blanca! Tras nuestra primera instalaci\u00f3n cerca de Valencia, nuestra nueva oficina de X\u00e0bia ya est\u00e1 abierta, ofreciendo soluciones solares de cinco estrellas en toda la regi\u00f3n.\" \/>\n\t\t<meta name=\"twitter:image\" content=\"https:\/\/marblancsolar.com\/wp-content\/uploads\/2024\/11\/cropped-Marblanc_Logo_transparent.webp?wsr\" \/>\n\t\t<script type=\"application\/ld+json\" class=\"aioseo-schema\">\n\t\t\t{\"@context\":\"https:\\\/\\\/schema.org\",\"@graph\":[{\"@type\":\"BlogPosting\",\"@id\":\"https:\\\/\\\/marblancsolar.com\\\/es\\\/marblanc-solar-se-amplia-a-costa-blanca-con-la-primera-instalacion\\\/#blogposting\",\"name\":\"Marblanc Solar se expande a la Costa Blanca | Marblanc Solar\",\"headline\":\"Marblanc Solar se expande a la Costa Blanca\",\"author\":{\"@id\":\"https:\\\/\\\/marblancsolar.com\\\/es\\\/author\\\/marblanc-solar\\\/#author\"},\"publisher\":{\"@id\":\"https:\\\/\\\/marblancsolar.com\\\/es\\\/#organization\"},\"image\":{\"@type\":\"ImageObject\",\"url\":\"https:\\\/\\\/marblancsolar.com\\\/wp-content\\\/uploads\\\/2026\\\/03\\\/marblanc-solar-first-installation-costa-blanca-valencia-1.jpeg?wsr\",\"width\":1318,\"height\":1006},\"datePublished\":\"2026-03-03T17:50:55+00:00\",\"dateModified\":\"2026-05-19T14:47:10+00:00\",\"inLanguage\":\"es-ES\",\"mainEntityOfPage\":{\"@id\":\"https:\\\/\\\/marblancsolar.com\\\/es\\\/marblanc-solar-se-amplia-a-costa-blanca-con-la-primera-instalacion\\\/#webpage\"},\"isPartOf\":{\"@id\":\"https:\\\/\\\/marblancsolar.com\\\/es\\\/marblanc-solar-se-amplia-a-costa-blanca-con-la-primera-instalacion\\\/#webpage\"},\"articleSection\":\"Noticias de Marblanc, Optional\"},{\"@type\":\"BreadcrumbList\",\"@id\":\"https:\\\/\\\/marblancsolar.com\\\/es\\\/marblanc-solar-se-amplia-a-costa-blanca-con-la-primera-instalacion\\\/#breadcrumblist\",\"itemListElement\":[{\"@type\":\"ListItem\",\"@id\":\"https:\\\/\\\/marblancsolar.com\\\/es\\\/#listItem\",\"position\":1,\"name\":\"Home\",\"item\":\"https:\\\/\\\/marblancsolar.com\\\/es\\\/\",\"nextItem\":{\"@type\":\"ListItem\",\"@id\":\"https:\\\/\\\/marblancsolar.com\\\/es\\\/categoria\\\/noticias-de-marblanc\\\/#listItem\",\"name\":\"Noticias de Marblanc\"}},{\"@type\":\"ListItem\",\"@id\":\"https:\\\/\\\/marblancsolar.com\\\/es\\\/categoria\\\/noticias-de-marblanc\\\/#listItem\",\"position\":2,\"name\":\"Noticias de Marblanc\",\"item\":\"https:\\\/\\\/marblancsolar.com\\\/es\\\/categoria\\\/noticias-de-marblanc\\\/\",\"nextItem\":{\"@type\":\"ListItem\",\"@id\":\"#listItem\",\"name\":\"Marblanc Solar se expande a la Costa Blanca\"},\"previousItem\":{\"@type\":\"ListItem\",\"@id\":\"https:\\\/\\\/marblancsolar.com\\\/es\\\/#listItem\",\"name\":\"Home\"}}]},{\"@type\":\"Organization\",\"@id\":\"https:\\\/\\\/marblancsolar.com\\\/es\\\/#organization\",\"name\":\"Marblanc Solar\",\"description\":\"#1 solar panel installer in Marbella\",\"url\":\"https:\\\/\\\/marblancsolar.com\\\/es\\\/\",\"email\":\"enquiries@marblancsolar.com\",\"telephone\":\"+34951823083\",\"logo\":{\"@type\":\"ImageObject\",\"url\":\"https:\\\/\\\/marblancsolar.com\\\/wp-content\\\/uploads\\\/2024\\\/11\\\/cropped-Marblanc_Logo_transparent.webp?wsr\",\"@id\":\"https:\\\/\\\/marblancsolar.com\\\/es\\\/marblanc-solar-se-amplia-a-costa-blanca-con-la-primera-instalacion\\\/#organizationLogo\",\"width\":960,\"height\":345,\"caption\":\"A logo with the word 'marble' in blue lowercase letters and a stylized blue marble icon on the left.\"},\"image\":{\"@id\":\"https:\\\/\\\/marblancsolar.com\\\/es\\\/marblanc-solar-se-amplia-a-costa-blanca-con-la-primera-instalacion\\\/#organizationLogo\"},\"sameAs\":[\"https:\\\/\\\/www.facebook.com\\\/profile.php?id=100093673091068\",\"https:\\\/\\\/www.instagram.com\\\/marblancsolar\\\/\",\"https:\\\/\\\/www.tiktok.com\\\/@marblanc.solar\\\/\"]},{\"@type\":\"Person\",\"@id\":\"https:\\\/\\\/marblancsolar.com\\\/es\\\/author\\\/marblanc-solar\\\/#author\",\"url\":\"https:\\\/\\\/marblancsolar.com\\\/es\\\/author\\\/marblanc-solar\\\/\",\"name\":\"Marblanc Solar\",\"image\":{\"@type\":\"ImageObject\",\"@id\":\"https:\\\/\\\/marblancsolar.com\\\/es\\\/marblanc-solar-se-amplia-a-costa-blanca-con-la-primera-instalacion\\\/#authorImage\",\"url\":\"https:\\\/\\\/marblancsolar.com\\\/wp-content\\\/uploads\\\/2026\\\/05\\\/android-chrome-192x192-1-150x150.png?wsr\",\"width\":96,\"height\":96,\"caption\":\"Marblanc Solar\"}},{\"@type\":\"WebPage\",\"@id\":\"https:\\\/\\\/marblancsolar.com\\\/es\\\/marblanc-solar-se-amplia-a-costa-blanca-con-la-primera-instalacion\\\/#webpage\",\"url\":\"https:\\\/\\\/marblancsolar.com\\\/es\\\/marblanc-solar-se-amplia-a-costa-blanca-con-la-primera-instalacion\\\/\",\"name\":\"Marblanc Solar se expande a la Costa Blanca | Marblanc Solar\",\"description\":\"\\u00a1Marblanc Solar ha llegado oficialmente a la Costa Blanca! Tras nuestra primera instalaci\\u00f3n cerca de Valencia, nuestra nueva oficina de X\\u00e0bia ya est\\u00e1 abierta, ofreciendo soluciones solares de cinco estrellas en toda la regi\\u00f3n.\",\"inLanguage\":\"es-ES\",\"isPartOf\":{\"@id\":\"https:\\\/\\\/marblancsolar.com\\\/es\\\/#website\"},\"breadcrumb\":{\"@id\":\"https:\\\/\\\/marblancsolar.com\\\/es\\\/marblanc-solar-se-amplia-a-costa-blanca-con-la-primera-instalacion\\\/#breadcrumblist\"},\"author\":{\"@id\":\"https:\\\/\\\/marblancsolar.com\\\/es\\\/author\\\/marblanc-solar\\\/#author\"},\"creator\":{\"@id\":\"https:\\\/\\\/marblancsolar.com\\\/es\\\/author\\\/marblanc-solar\\\/#author\"},\"image\":{\"@type\":\"ImageObject\",\"url\":\"https:\\\/\\\/marblancsolar.com\\\/wp-content\\\/uploads\\\/2026\\\/03\\\/marblanc-solar-first-installation-costa-blanca-valencia-1.jpeg?wsr\",\"@id\":\"https:\\\/\\\/marblancsolar.com\\\/es\\\/marblanc-solar-se-amplia-a-costa-blanca-con-la-primera-instalacion\\\/#mainImage\",\"width\":1318,\"height\":1006},\"primaryImageOfPage\":{\"@id\":\"https:\\\/\\\/marblancsolar.com\\\/es\\\/marblanc-solar-se-amplia-a-costa-blanca-con-la-primera-instalacion\\\/#mainImage\"},\"datePublished\":\"2026-03-03T17:50:55+00:00\",\"dateModified\":\"2026-05-19T14:47:10+00:00\"},{\"@type\":\"WebSite\",\"@id\":\"https:\\\/\\\/marblancsolar.com\\\/es\\\/#website\",\"url\":\"https:\\\/\\\/marblancsolar.com\\\/es\\\/\",\"name\":\"Marblanc Solar\",\"description\":\"#1 solar panel installer in Marbella\",\"inLanguage\":\"es-ES\",\"publisher\":{\"@id\":\"https:\\\/\\\/marblancsolar.com\\\/es\\\/#organization\"}}]}\n\t\t<\/script>\n\t\t<!-- All in One SEO Pro -->\r\n\t\t<title>Marblanc Solar se expande a la Costa Blanca | Marblanc Solar<\/title>\n\n","aioseo_head_json":{"title":"Marblanc Solar se expande a la Costa Blanca | Marblanc Solar","description":"\u00a1Marblanc Solar ha llegado oficialmente a la Costa Blanca! Tras nuestra primera instalaci\u00f3n cerca de Valencia, nuestra nueva oficina de X\u00e0bia ya est\u00e1 abierta, ofreciendo soluciones solares de cinco estrellas en toda la regi\u00f3n.","canonical_url":"https:\/\/marblancsolar.com\/es\/marblanc-solar-se-amplia-a-costa-blanca-con-la-primera-instalacion\/","robots":"max-image-preview:large","keywords":"","webmasterTools":{"miscellaneous":""},"schema":{"@context":"https:\/\/schema.org","@graph":[{"@type":"BlogPosting","@id":"https:\/\/marblancsolar.com\/es\/marblanc-solar-se-amplia-a-costa-blanca-con-la-primera-instalacion\/#blogposting","name":"Marblanc Solar se expande a la Costa Blanca | Marblanc Solar","headline":"Marblanc Solar se expande a la Costa Blanca","author":{"@id":"https:\/\/marblancsolar.com\/es\/author\/marblanc-solar\/#author"},"publisher":{"@id":"https:\/\/marblancsolar.com\/es\/#organization"},"image":{"@type":"ImageObject","url":"https:\/\/marblancsolar.com\/wp-content\/uploads\/2026\/03\/marblanc-solar-first-installation-costa-blanca-valencia-1.jpeg?wsr","width":1318,"height":1006},"datePublished":"2026-03-03T17:50:55+00:00","dateModified":"2026-05-19T14:47:10+00:00","inLanguage":"es-ES","mainEntityOfPage":{"@id":"https:\/\/marblancsolar.com\/es\/marblanc-solar-se-amplia-a-costa-blanca-con-la-primera-instalacion\/#webpage"},"isPartOf":{"@id":"https:\/\/marblancsolar.com\/es\/marblanc-solar-se-amplia-a-costa-blanca-con-la-primera-instalacion\/#webpage"},"articleSection":"Noticias de Marblanc, Optional"},{"@type":"BreadcrumbList","@id":"https:\/\/marblancsolar.com\/es\/marblanc-solar-se-amplia-a-costa-blanca-con-la-primera-instalacion\/#breadcrumblist","itemListElement":[{"@type":"ListItem","@id":"https:\/\/marblancsolar.com\/es\/#listItem","position":1,"name":"Home","item":"https:\/\/marblancsolar.com\/es\/","nextItem":{"@type":"ListItem","@id":"https:\/\/marblancsolar.com\/es\/categoria\/noticias-de-marblanc\/#listItem","name":"Noticias de Marblanc"}},{"@type":"ListItem","@id":"https:\/\/marblancsolar.com\/es\/categoria\/noticias-de-marblanc\/#listItem","position":2,"name":"Noticias de Marblanc","item":"https:\/\/marblancsolar.com\/es\/categoria\/noticias-de-marblanc\/","nextItem":{"@type":"ListItem","@id":"#listItem","name":"Marblanc Solar se expande a la Costa Blanca"},"previousItem":{"@type":"ListItem","@id":"https:\/\/marblancsolar.com\/es\/#listItem","name":"Home"}}]},{"@type":"Organization","@id":"https:\/\/marblancsolar.com\/es\/#organization","name":"Marblanc Solar","description":"#1 solar panel installer in Marbella","url":"https:\/\/marblancsolar.com\/es\/","email":"enquiries@marblancsolar.com","telephone":"+34951823083","logo":{"@type":"ImageObject","url":"https:\/\/marblancsolar.com\/wp-content\/uploads\/2024\/11\/cropped-Marblanc_Logo_transparent.webp?wsr","@id":"https:\/\/marblancsolar.com\/es\/marblanc-solar-se-amplia-a-costa-blanca-con-la-primera-instalacion\/#organizationLogo","width":960,"height":345,"caption":"A logo with the word 'marble' in blue lowercase letters and a stylized blue marble icon on the left."},"image":{"@id":"https:\/\/marblancsolar.com\/es\/marblanc-solar-se-amplia-a-costa-blanca-con-la-primera-instalacion\/#organizationLogo"},"sameAs":["https:\/\/www.facebook.com\/profile.php?id=100093673091068","https:\/\/www.instagram.com\/marblancsolar\/","https:\/\/www.tiktok.com\/@marblanc.solar\/"]},{"@type":"Person","@id":"https:\/\/marblancsolar.com\/es\/author\/marblanc-solar\/#author","url":"https:\/\/marblancsolar.com\/es\/author\/marblanc-solar\/","name":"Marblanc Solar","image":{"@type":"ImageObject","@id":"https:\/\/marblancsolar.com\/es\/marblanc-solar-se-amplia-a-costa-blanca-con-la-primera-instalacion\/#authorImage","url":"https:\/\/marblancsolar.com\/wp-content\/uploads\/2026\/05\/android-chrome-192x192-1-150x150.png?wsr","width":96,"height":96,"caption":"Marblanc Solar"}},{"@type":"WebPage","@id":"https:\/\/marblancsolar.com\/es\/marblanc-solar-se-amplia-a-costa-blanca-con-la-primera-instalacion\/#webpage","url":"https:\/\/marblancsolar.com\/es\/marblanc-solar-se-amplia-a-costa-blanca-con-la-primera-instalacion\/","name":"Marblanc Solar se expande a la Costa Blanca | Marblanc Solar","description":"\u00a1Marblanc Solar ha llegado oficialmente a la Costa Blanca! Tras nuestra primera instalaci\u00f3n cerca de Valencia, nuestra nueva oficina de X\u00e0bia ya est\u00e1 abierta, ofreciendo soluciones solares de cinco estrellas en toda la regi\u00f3n.","inLanguage":"es-ES","isPartOf":{"@id":"https:\/\/marblancsolar.com\/es\/#website"},"breadcrumb":{"@id":"https:\/\/marblancsolar.com\/es\/marblanc-solar-se-amplia-a-costa-blanca-con-la-primera-instalacion\/#breadcrumblist"},"author":{"@id":"https:\/\/marblancsolar.com\/es\/author\/marblanc-solar\/#author"},"creator":{"@id":"https:\/\/marblancsolar.com\/es\/author\/marblanc-solar\/#author"},"image":{"@type":"ImageObject","url":"https:\/\/marblancsolar.com\/wp-content\/uploads\/2026\/03\/marblanc-solar-first-installation-costa-blanca-valencia-1.jpeg?wsr","@id":"https:\/\/marblancsolar.com\/es\/marblanc-solar-se-amplia-a-costa-blanca-con-la-primera-instalacion\/#mainImage","width":1318,"height":1006},"primaryImageOfPage":{"@id":"https:\/\/marblancsolar.com\/es\/marblanc-solar-se-amplia-a-costa-blanca-con-la-primera-instalacion\/#mainImage"},"datePublished":"2026-03-03T17:50:55+00:00","dateModified":"2026-05-19T14:47:10+00:00"},{"@type":"WebSite","@id":"https:\/\/marblancsolar.com\/es\/#website","url":"https:\/\/marblancsolar.com\/es\/","name":"Marblanc Solar","description":"#1 solar panel installer in Marbella","inLanguage":"es-ES","publisher":{"@id":"https:\/\/marblancsolar.com\/es\/#organization"}}]},"og:locale":"es_ES","og:site_name":"Marblanc Solar | #1 solar panel installer in Marbella","og:type":"article","og:title":"Marblanc Solar se expande a la Costa Blanca | Marblanc Solar","og:description":"\u00a1Marblanc Solar ha llegado oficialmente a la Costa Blanca! Tras nuestra primera instalaci\u00f3n cerca de Valencia, nuestra nueva oficina de X\u00e0bia ya est\u00e1 abierta, ofreciendo soluciones solares de cinco estrellas en toda la regi\u00f3n.","og:url":"https:\/\/marblancsolar.com\/es\/marblanc-solar-se-amplia-a-costa-blanca-con-la-primera-instalacion\/","og:image":"https:\/\/marblancsolar.com\/wp-content\/uploads\/2026\/03\/marblanc-solar-first-installation-costa-blanca-valencia-1.jpeg?wsr","og:image:secure_url":"https:\/\/marblancsolar.com\/wp-content\/uploads\/2026\/03\/marblanc-solar-first-installation-costa-blanca-valencia-1.jpeg?wsr","og:image:width":1318,"og:image:height":1006,"article:published_time":"2026-03-03T17:50:55+00:00","article:modified_time":"2026-05-19T14:47:10+00:00","article:publisher":"https:\/\/www.facebook.com\/profile.php?id=100093673091068","twitter:card":"summary_large_image","twitter:title":"Marblanc Solar se expande a la Costa Blanca | Marblanc Solar","twitter:description":"\u00a1Marblanc Solar ha llegado oficialmente a la Costa Blanca! Tras nuestra primera instalaci\u00f3n cerca de Valencia, nuestra nueva oficina de X\u00e0bia ya est\u00e1 abierta, ofreciendo soluciones solares de cinco estrellas en toda la regi\u00f3n.","twitter:image":"https:\/\/marblancsolar.com\/wp-content\/uploads\/2024\/11\/cropped-Marblanc_Logo_transparent.webp?wsr"},"aioseo_meta_data":{"post_id":"7435","title":"#post_title #separator_sa #site_title","description":"#post_excerpt","keywords":null,"keyphrases":{"focus":{"keyphrase":"","score":0,"analysis":{"keyphraseInTitle":{"score":0,"maxScore":9,"error":1}}},"additional":[]},"primary_term":null,"canonical_url":null,"og_title":null,"og_description":null,"og_object_type":"default","og_image_type":"default","og_image_url":null,"og_image_width":null,"og_image_height":null,"og_image_custom_url":null,"og_image_custom_fields":null,"og_video":"","og_custom_url":null,"og_article_section":null,"og_article_tags":null,"twitter_use_og":false,"twitter_card":"default","twitter_image_type":"default","twitter_image_url":null,"twitter_image_custom_url":null,"twitter_image_custom_fields":null,"twitter_title":null,"twitter_description":null,"schema":{"blockGraphs":[],"customGraphs":[],"default":{"data":{"Article":[],"Course":[],"Dataset":[],"FAQPage":[],"Movie":[],"Person":[],"Product":[],"ProductReview":[],"Car":[],"Recipe":[],"Service":[],"SoftwareApplication":[],"WebPage":[]},"graphName":"BlogPosting","isEnabled":true},"graphs":[]},"schema_type":"default","schema_type_options":null,"pillar_content":false,"robots_default":true,"robots_noindex":false,"robots_noarchive":false,"robots_nosnippet":false,"robots_nofollow":false,"robots_noimageindex":false,"robots_noodp":false,"robots_notranslate":false,"robots_max_snippet":"-1","robots_max_videopreview":"-1","robots_max_imagepreview":"large","priority":null,"frequency":"default","local_seo":null,"seo_analyzer_scan_date":"2026-05-19 14:48:50","breadcrumb_settings":null,"limit_modified_date":false,"open_ai":null,"ai":{"faqs":[],"keyPoints":[],"schemas":[],"titles":[],"descriptions":[],"socialPosts":{"email":[],"linkedin":[],"twitter":[],"facebook":[],"instagram":[]}},"created":"2026-03-03 17:52:19","updated":"2026-05-19 14:48:55","reviewed_by":"0","focus_keyword":null,"additional_keywords":null,"truseo_locale":null},"aioseo_breadcrumb":"<div class=\"aioseo-breadcrumbs\"><span class=\"aioseo-breadcrumb\">\n\t<a href=\"https:\/\/marblancsolar.com\/es\/\" title=\"Home\">Home<\/a>\n<\/span><span class=\"aioseo-breadcrumb-separator\">\u00bb<\/span><span class=\"aioseo-breadcrumb\">\n\t<a href=\"https:\/\/marblancsolar.com\/es\/categoria\/noticias-de-marblanc\/\" title=\"Noticias de Marblanc\">Noticias de Marblanc<\/a>\n<\/span><span class=\"aioseo-breadcrumb-separator\">\u00bb<\/span><span class=\"aioseo-breadcrumb\">\n\tMarblanc Solar se expande a la Costa Blanca\n<\/span><\/div>","aioseo_breadcrumb_json":[{"label":"Home","link":"https:\/\/marblancsolar.com\/es\/"},{"label":"Noticias de Marblanc","link":"https:\/\/marblancsolar.com\/es\/categoria\/noticias-de-marblanc\/"},{"label":"Marblanc Solar se expande a la Costa Blanca","link":false}],"permalink_manager":null,"_links":{"self":[{"href":"https:\/\/marblancsolar.com\/es\/wp-json\/wp\/v2\/posts\/7435","targetHints":{"allow":["GET"]}}],"collection":[{"href":"https:\/\/marblancsolar.com\/es\/wp-json\/wp\/v2\/posts"}],"about":[{"href":"https:\/\/marblancsolar.com\/es\/wp-json\/wp\/v2\/types\/post"}],"author":[{"embeddable":true,"href":"https:\/\/marblancsolar.com\/es\/wp-json\/wp\/v2\/users\/15"}],"replies":[{"embeddable":true,"href":"https:\/\/marblancsolar.com\/es\/wp-json\/wp\/v2\/comments?post=7435"}],"version-history":[{"count":3,"href":"https:\/\/marblancsolar.com\/es\/wp-json\/wp\/v2\/posts\/7435\/revisions"}],"predecessor-version":[{"id":11930,"href":"https:\/\/marblancsolar.com\/es\/wp-json\/wp\/v2\/posts\/7435\/revisions\/11930"}],"wp:featuredmedia":[{"embeddable":true,"href":"https:\/\/marblancsolar.com\/es\/wp-json\/wp\/v2\/media\/7436"}],"wp:attachment":[{"href":"https:\/\/marblancsolar.com\/es\/wp-json\/wp\/v2\/media?parent=7435"}],"wp:term":[{"taxonomy":"category","embeddable":true,"href":"https:\/\/marblancsolar.com\/es\/wp-json\/wp\/v2\/categories?post=7435"},{"taxonomy":"post_tag","embeddable":true,"href":"https:\/\/marblancsolar.com\/es\/wp-json\/wp\/v2\/tags?post=7435"}],"curies":[{"name":"wp","href":"https:\/\/api.w.org\/{rel}","templated":true}]}}